{"id":44741,"date":"2022-04-27T15:51:36","date_gmt":"2022-04-27T13:51:36","guid":{"rendered":"https:\/\/www.gseintegration.com\/?p=44741"},"modified":"2022-05-03T16:31:14","modified_gmt":"2022-05-03T14:31:14","slug":"gse-in-roof-system-a-intersolar-munich","status":"publish","type":"post","link":"https:\/\/www.gseintegration.com\/fr\/2022\/04\/27\/gse-in-roof-system-a-intersolar-munich\/","title":{"rendered":"GSE IN-ROOF SYSTEM au salon Intersolar \u00e0 Munich"},"content":{"rendered":"\t\t<div data-elementor-type=\"wp-post\" data-elementor-id=\"44741\" class=\"elementor elementor-44741\" data-elementor-post-type=\"post\">\n\t\t\t\t\t\t<section class=\"elementor-section elementor-top-section elementor-element elementor-element-7ec7b788 elementor-section-boxed elementor-section-height-default elementor-section-height-default\" data-id=\"7ec7b788\" data-element_type=\"section\" data-e-type=\"section\">\n\t\t\t\t\t\t<div class=\"elementor-container elementor-column-gap-wide\">\n\t\t\t\t\t<div class=\"elementor-column elementor-col-100 elementor-top-column elementor-element elementor-element-73b6fb94\" data-id=\"73b6fb94\" data-element_type=\"column\" data-e-type=\"column\">\n\t\t\t<div class=\"elementor-widget-wrap elementor-element-populated\">\n\t\t\t\t\t\t<div class=\"elementor-element elementor-element-e05d40b elementor-widget elementor-widget-heading\" data-id=\"e05d40b\" data-element_type=\"widget\" data-e-type=\"widget\" data-widget_type=\"heading.default\">\n\t\t\t\t<div class=\"elementor-widget-container\">\n\t\t\t\t\t<h2 class=\"elementor-heading-title elementor-size-default\">GSE IN-ROOF SYSTEM au salon Intersolar \u00e0 Munich<\/h2>\t\t\t\t<\/div>\n\t\t\t\t<\/div>\n\t\t\t\t<div class=\"elementor-element elementor-element-7c5e6af0 elementor-drop-cap-yes elementor-drop-cap-view-default elementor-widget elementor-widget-text-editor\" data-id=\"7c5e6af0\" data-element_type=\"widget\" data-e-type=\"widget\" data-settings=\"{&quot;drop_cap&quot;:&quot;yes&quot;}\" data-widget_type=\"text-editor.default\">\n\t\t\t\t<div class=\"elementor-widget-container\">\n\t\t\t\t\t\t\t\t\t<p>Nous finissons cette saison des salons par<b> Intersolar \u00e0 Munich du 11 au 13 mai 2022<\/b>. Nous vous y attendons stand <b>A5.334<\/b>, n\u2019h\u00e9sitez pas \u00e0 nous contacter<strong> <a href=\"https:\/\/www.gseintegration.com\/fr\/contact\/\">ici <\/a><\/strong>pour recevoir votre invitation.<\/p>\n<p>L\u2019occasion pour nous de vous pr\u00e9senter (ou vous re-repr\u00e9senter) le GSE IN-ROOF SYSTEM nouvelle g\u00e9n\u00e9ration&nbsp;! Lanc\u00e9e en d\u00e9but d\u2019ann\u00e9e, cette nouvelle version du GSE IN-ROOF SYSTEM, compos\u00e9e de deux demi-plaques, permet l\u2019int\u00e9gration de modules plus grands et plus puissants et une installation encore plus facile&nbsp;!<\/p>\n<p><strong>Aujourd\u2019hui 13 r\u00e9f\u00e9rences sont disponibles&nbsp;:<\/strong><\/p>\n<p><b>D<\/b>emi-plaques <b>Po<\/b>rtrait <b>1650_xxxx \u2013 <\/b>6 r\u00e9f\u00e9rences<\/p>\n<p class=\"MsoNormal\" style=\"margin-bottom: 7.5pt; background-image: initial; background-position: initial; background-size: initial; background-repeat: initial; background-attachment: initial; background-origin: initial; background-clip: initial;\"><span style=\"font-family: Arial, sans-serif;\">Ces plaques ajustables permettent l\u2019int\u00e9gration en format portrait de modules PV ayant une longueur de 1610 \u00e0 1800 mm.<\/span><\/p>\n<p><\/p>\n<p class=\"MsoNormal\" style=\"margin-bottom: 7.5pt; background-image: initial; background-position: initial; background-size: initial; background-repeat: initial; background-attachment: initial; background-origin: initial; background-clip: initial;\"><span style=\"font-family: Arial, sans-serif;\">Les 6 r\u00e9f\u00e9rences sont compatibles avec les modules d&rsquo;une largeur de 990 jusqu\u2019\u00e0 1160 mm.<\/span><\/p>\n<p><b>D<\/b>emi-plaques <b>Po<\/b>rtrait <b>1840_xxxx <\/b>\u2013 7 r\u00e9f\u00e9rences<\/p>\n<p class=\"MsoNormal\" style=\"margin-bottom: 7.5pt; background-image: initial; background-position: initial; background-size: initial; background-repeat: initial; background-attachment: initial; background-origin: initial; background-clip: initial;\"><span style=\"font-family: Arial, sans-serif;\">Ces plaques ajustables\npermettent l\u2019int\u00e9gration en format portrait de modules PV ayant une longueur de\n1800 \u00e0 1990 mm.<o:p><\/o:p><\/span><\/p><p>\n\n<\/p><p class=\"MsoNormal\" style=\"margin-bottom: 7.5pt; background-image: initial; background-position: initial; background-size: initial; background-repeat: initial; background-attachment: initial; background-origin: initial; background-clip: initial;\"><span style=\"font-family: Arial, sans-serif;\">Les 7 r\u00e9f\u00e9rences sont\ncompatibles avec les modules d&rsquo;une largeur de 990 jusqu\u2019\u00e0 1135 mm.<o:p><\/o:p><\/span><\/p>\n<p>Retrouvez ci-dessous en vid\u00e9os les \u00e9volutions du GSE IN-ROOF SYSTEM et <a href=\"https:\/\/www.gseintegration.com\/fr\/telechargements\/\"><strong>ici<\/strong><\/a> les tous les outils dont vous avez besoin.<\/p>\t\t\t\t\t\t\t\t<\/div>\n\t\t\t\t<\/div>\n\t\t\t\t<div class=\"elementor-element elementor-element-4ce91fe elementor-widget elementor-widget-spacer\" data-id=\"4ce91fe\" data-element_type=\"widget\" data-e-type=\"widget\" data-widget_type=\"spacer.default\">\n\t\t\t\t<div class=\"elementor-widget-container\">\n\t\t\t\t\t\t\t<div class=\"elementor-spacer\">\n\t\t\t<div class=\"elementor-spacer-inner\"><\/div>\n\t\t<\/div>\n\t\t\t\t\t\t<\/div>\n\t\t\t\t<\/div>\n\t\t\t\t<div class=\"elementor-element elementor-element-12d78fa elementor-align-center elementor-widget elementor-widget-button\" data-id=\"12d78fa\" data-element_type=\"widget\" data-e-type=\"widget\" data-widget_type=\"button.default\">\n\t\t\t\t<div class=\"elementor-widget-container\">\n\t\t\t\t\t\t\t\t\t<div class=\"elementor-button-wrapper\">\n\t\t\t\t\t<a class=\"elementor-button elementor-button-link elementor-size-sm\" href=\"https:\/\/www.gseintegration.com\/fr\/telechargements\/\">\n\t\t\t\t\t\t<span class=\"elementor-button-content-wrapper\">\n\t\t\t\t\t\t\t\t\t<span class=\"elementor-button-text\">Retrouvez les outils et documents sur le GSE IN-ROOF SYSTEM<\/span>\n\t\t\t\t\t<\/span>\n\t\t\t\t\t<\/a>\n\t\t\t\t<\/div>\n\t\t\t\t\t\t\t\t<\/div>\n\t\t\t\t<\/div>\n\t\t\t\t\t<\/div>\n\t\t<\/div>\n\t\t\t\t\t<\/div>\n\t\t<\/section>\n\t\t\t\t<section class=\"elementor-section elementor-top-section elementor-element elementor-element-f0b44fd elementor-section-boxed elementor-section-height-default elementor-section-height-default\" data-id=\"f0b44fd\" data-element_type=\"section\" data-e-type=\"section\">\n\t\t\t\t\t\t<div class=\"elementor-container elementor-column-gap-default\">\n\t\t\t\t\t<div class=\"elementor-column elementor-col-100 elementor-top-column elementor-element elementor-element-397f4ce\" data-id=\"397f4ce\" data-element_type=\"column\" data-e-type=\"column\">\n\t\t\t<div class=\"elementor-widget-wrap elementor-element-populated\">\n\t\t\t\t\t\t<div class=\"elementor-element elementor-element-bd5f5f4 elementor-widget elementor-widget-spacer\" data-id=\"bd5f5f4\" data-element_type=\"widget\" data-e-type=\"widget\" data-widget_type=\"spacer.default\">\n\t\t\t\t<div class=\"elementor-widget-container\">\n\t\t\t\t\t\t\t<div class=\"elementor-spacer\">\n\t\t\t<div class=\"elementor-spacer-inner\"><\/div>\n\t\t<\/div>\n\t\t\t\t\t\t<\/div>\n\t\t\t\t<\/div>\n\t\t\t\t<div class=\"elementor-element elementor-element-defb922 elementor-widget elementor-widget-video\" data-id=\"defb922\" data-element_type=\"widget\" data-e-type=\"widget\" data-settings=\"{&quot;youtube_url&quot;:&quot;https:\\\/\\\/www.youtube.com\\\/watch?v=K24NrTdfKto&amp;list=PLsf6nuRmjAfY51kVnPWfFfaqQMDq6Uynu&amp;index=2&quot;,&quot;autoplay&quot;:&quot;yes&quot;,&quot;play_on_mobile&quot;:&quot;yes&quot;,&quot;start&quot;:0,&quot;video_type&quot;:&quot;youtube&quot;,&quot;controls&quot;:&quot;yes&quot;}\" data-widget_type=\"video.default\">\n\t\t\t\t<div class=\"elementor-widget-container\">\n\t\t\t\t\t\t\t<div class=\"elementor-wrapper elementor-open-inline\">\n\t\t\t<div class=\"elementor-video\"><\/div>\t\t<\/div>\n\t\t\t\t\t\t<\/div>\n\t\t\t\t<\/div>\n\t\t\t\t\t<\/div>\n\t\t<\/div>\n\t\t\t\t\t<\/div>\n\t\t<\/section>\n\t\t\t\t<\/div>\n\t\t","protected":false},"excerpt":{"rendered":"<p>Vous le savez, le GSE IN-ROOF SYSTEM \u00e9volue et permet d&rsquo;int\u00e9grer des modules plus grands et plus larges !<\/p>\n<p>Le format PORTRAIT (jusqu&rsquo;\u00e0 1800 mm x 1160 mm) est d\u00e9sormais disponible. <\/p>\n","protected":false},"author":4,"featured_media":44751,"comment_status":"closed","ping_status":"closed","sticky":false,"template":"","format":"standard","meta":{"footnotes":""},"categories":[20],"tags":[],"class_list":["post-44741","post","type-post","status-publish","format-standard","has-post-thumbnail","hentry","category-gse-integration"],"yoast_head":"<!-- This site is optimized with the Yoast SEO plugin v27.3 - https:\/\/yoast.com\/product\/yoast-seo-wordpress\/ -->\n<title>GSE IN-ROOF SYSTEM au salon Intersolar \u00e0 Munich<\/title>\n<meta name=\"description\" content=\"Retrouver nous \u00e0 Munich lors du salon Intersolar pour d\u00e9couvrir ou red\u00e9couvrir la nouvelle version du GSE IN-ROOF SYSTEM\" \/>\n<meta name=\"robots\" content=\"index, follow, max-snippet:-1, max-image-preview:large, max-video-preview:-1\" \/>\n<link rel=\"canonical\" href=\"https:\/\/www.gseintegration.com\/fr\/2022\/04\/27\/gse-in-roof-system-a-intersolar-munich\/\" \/>\n<meta property=\"og:locale\" content=\"fr_FR\" \/>\n<meta property=\"og:type\" content=\"article\" \/>\n<meta property=\"og:title\" content=\"GSE IN-ROOF SYSTEM au salon Intersolar \u00e0 Munich\" \/>\n<meta property=\"og:description\" content=\"Retrouver nous \u00e0 Munich lors du salon Intersolar pour d\u00e9couvrir ou red\u00e9couvrir la nouvelle version du GSE IN-ROOF SYSTEM\" \/>\n<meta property=\"og:url\" content=\"https:\/\/www.gseintegration.com\/fr\/2022\/04\/27\/gse-in-roof-system-a-intersolar-munich\/\" \/>\n<meta property=\"og:site_name\" content=\"GSE Int\u00e9gration\" \/>\n<meta property=\"article:published_time\" content=\"2022-04-27T13:51:36+00:00\" \/>\n<meta property=\"article:modified_time\" content=\"2022-05-03T14:31:14+00:00\" \/>\n<meta property=\"og:image\" content=\"https:\/\/www.gseintegration.com\/wp-content\/uploads\/2022\/04\/INtersolar-Copie.png\" \/>\n\t<meta property=\"og:image:width\" content=\"1518\" \/>\n\t<meta property=\"og:image:height\" content=\"760\" \/>\n\t<meta property=\"og:image:type\" content=\"image\/png\" \/>\n<meta name=\"author\" content=\"Marie-Alix\" \/>\n<meta name=\"twitter:card\" content=\"summary_large_image\" \/>\n<meta name=\"twitter:label1\" content=\"\u00c9crit par\" \/>\n\t<meta name=\"twitter:data1\" content=\"Marie-Alix\" \/>\n\t<meta name=\"twitter:label2\" content=\"Dur\u00e9e de lecture estim\u00e9e\" \/>\n\t<meta name=\"twitter:data2\" content=\"2 minutes\" \/>\n<script type=\"application\/ld+json\" class=\"yoast-schema-graph\">{\"@context\":\"https:\\\/\\\/schema.org\",\"@graph\":[{\"@type\":\"Article\",\"@id\":\"https:\\\/\\\/www.gseintegration.com\\\/fr\\\/2022\\\/04\\\/27\\\/gse-in-roof-system-a-intersolar-munich\\\/#article\",\"isPartOf\":{\"@id\":\"https:\\\/\\\/www.gseintegration.com\\\/fr\\\/2022\\\/04\\\/27\\\/gse-in-roof-system-a-intersolar-munich\\\/\"},\"author\":{\"name\":\"Marie-Alix\",\"@id\":\"https:\\\/\\\/www.gseintegration.com\\\/en\\\/#\\\/schema\\\/person\\\/835ff8ec48a063e22440cd641b4f26d8\"},\"headline\":\"GSE IN-ROOF SYSTEM au salon Intersolar \u00e0 Munich\",\"datePublished\":\"2022-04-27T13:51:36+00:00\",\"dateModified\":\"2022-05-03T14:31:14+00:00\",\"mainEntityOfPage\":{\"@id\":\"https:\\\/\\\/www.gseintegration.com\\\/fr\\\/2022\\\/04\\\/27\\\/gse-in-roof-system-a-intersolar-munich\\\/\"},\"wordCount\":231,\"publisher\":{\"@id\":\"https:\\\/\\\/www.gseintegration.com\\\/en\\\/#organization\"},\"image\":{\"@id\":\"https:\\\/\\\/www.gseintegration.com\\\/fr\\\/2022\\\/04\\\/27\\\/gse-in-roof-system-a-intersolar-munich\\\/#primaryimage\"},\"thumbnailUrl\":\"https:\\\/\\\/www.gseintegration.com\\\/wp-content\\\/uploads\\\/2022\\\/04\\\/INtersolar-Copie.png\",\"articleSection\":[\"GSE Int\u00e9gration\"],\"inLanguage\":\"fr-FR\"},{\"@type\":\"WebPage\",\"@id\":\"https:\\\/\\\/www.gseintegration.com\\\/fr\\\/2022\\\/04\\\/27\\\/gse-in-roof-system-a-intersolar-munich\\\/\",\"url\":\"https:\\\/\\\/www.gseintegration.com\\\/fr\\\/2022\\\/04\\\/27\\\/gse-in-roof-system-a-intersolar-munich\\\/\",\"name\":\"GSE IN-ROOF SYSTEM au salon Intersolar \u00e0 Munich\",\"isPartOf\":{\"@id\":\"https:\\\/\\\/www.gseintegration.com\\\/en\\\/#website\"},\"primaryImageOfPage\":{\"@id\":\"https:\\\/\\\/www.gseintegration.com\\\/fr\\\/2022\\\/04\\\/27\\\/gse-in-roof-system-a-intersolar-munich\\\/#primaryimage\"},\"image\":{\"@id\":\"https:\\\/\\\/www.gseintegration.com\\\/fr\\\/2022\\\/04\\\/27\\\/gse-in-roof-system-a-intersolar-munich\\\/#primaryimage\"},\"thumbnailUrl\":\"https:\\\/\\\/www.gseintegration.com\\\/wp-content\\\/uploads\\\/2022\\\/04\\\/INtersolar-Copie.png\",\"datePublished\":\"2022-04-27T13:51:36+00:00\",\"dateModified\":\"2022-05-03T14:31:14+00:00\",\"description\":\"Retrouver nous \u00e0 Munich lors du salon Intersolar pour d\u00e9couvrir ou red\u00e9couvrir la nouvelle version du GSE IN-ROOF SYSTEM\",\"breadcrumb\":{\"@id\":\"https:\\\/\\\/www.gseintegration.com\\\/fr\\\/2022\\\/04\\\/27\\\/gse-in-roof-system-a-intersolar-munich\\\/#breadcrumb\"},\"inLanguage\":\"fr-FR\",\"potentialAction\":[{\"@type\":\"ReadAction\",\"target\":[\"https:\\\/\\\/www.gseintegration.com\\\/fr\\\/2022\\\/04\\\/27\\\/gse-in-roof-system-a-intersolar-munich\\\/\"]}]},{\"@type\":\"ImageObject\",\"inLanguage\":\"fr-FR\",\"@id\":\"https:\\\/\\\/www.gseintegration.com\\\/fr\\\/2022\\\/04\\\/27\\\/gse-in-roof-system-a-intersolar-munich\\\/#primaryimage\",\"url\":\"https:\\\/\\\/www.gseintegration.com\\\/wp-content\\\/uploads\\\/2022\\\/04\\\/INtersolar-Copie.png\",\"contentUrl\":\"https:\\\/\\\/www.gseintegration.com\\\/wp-content\\\/uploads\\\/2022\\\/04\\\/INtersolar-Copie.png\",\"width\":1518,\"height\":760},{\"@type\":\"BreadcrumbList\",\"@id\":\"https:\\\/\\\/www.gseintegration.com\\\/fr\\\/2022\\\/04\\\/27\\\/gse-in-roof-system-a-intersolar-munich\\\/#breadcrumb\",\"itemListElement\":[{\"@type\":\"ListItem\",\"position\":1,\"name\":\"Accueil\",\"item\":\"https:\\\/\\\/www.gseintegration.com\\\/fr\\\/\"},{\"@type\":\"ListItem\",\"position\":2,\"name\":\"GSE IN-ROOF SYSTEM au salon Intersolar \u00e0 Munich\"}]},{\"@type\":\"WebSite\",\"@id\":\"https:\\\/\\\/www.gseintegration.com\\\/en\\\/#website\",\"url\":\"https:\\\/\\\/www.gseintegration.com\\\/en\\\/\",\"name\":\"GSE Int\u00e9gration\",\"description\":\"Leader europ\u00e9en de syst\u00e8mes de montage en int\u00e9gration en toiture de panneaux solaires photovolta\u00efques\",\"publisher\":{\"@id\":\"https:\\\/\\\/www.gseintegration.com\\\/en\\\/#organization\"},\"potentialAction\":[{\"@type\":\"SearchAction\",\"target\":{\"@type\":\"EntryPoint\",\"urlTemplate\":\"https:\\\/\\\/www.gseintegration.com\\\/en\\\/?s={search_term_string}\"},\"query-input\":{\"@type\":\"PropertyValueSpecification\",\"valueRequired\":true,\"valueName\":\"search_term_string\"}}],\"inLanguage\":\"fr-FR\"},{\"@type\":\"Organization\",\"@id\":\"https:\\\/\\\/www.gseintegration.com\\\/en\\\/#organization\",\"name\":\"GSE Int\u00e9gration\",\"url\":\"https:\\\/\\\/www.gseintegration.com\\\/en\\\/\",\"logo\":{\"@type\":\"ImageObject\",\"inLanguage\":\"fr-FR\",\"@id\":\"https:\\\/\\\/www.gseintegration.com\\\/en\\\/#\\\/schema\\\/logo\\\/image\\\/\",\"url\":\"https:\\\/\\\/www.gseintegration.com\\\/wp-content\\\/uploads\\\/2021\\\/04\\\/GSE-INTEGRATION-1.png\",\"contentUrl\":\"https:\\\/\\\/www.gseintegration.com\\\/wp-content\\\/uploads\\\/2021\\\/04\\\/GSE-INTEGRATION-1.png\",\"width\":284,\"height\":80,\"caption\":\"GSE Int\u00e9gration\"},\"image\":{\"@id\":\"https:\\\/\\\/www.gseintegration.com\\\/en\\\/#\\\/schema\\\/logo\\\/image\\\/\"}},{\"@type\":\"Person\",\"@id\":\"https:\\\/\\\/www.gseintegration.com\\\/en\\\/#\\\/schema\\\/person\\\/835ff8ec48a063e22440cd641b4f26d8\",\"name\":\"Marie-Alix\",\"image\":{\"@type\":\"ImageObject\",\"inLanguage\":\"fr-FR\",\"@id\":\"https:\\\/\\\/secure.gravatar.com\\\/avatar\\\/b0f7615fa26a9d000d3c0ac9050f182690e502270f630e7f459fe89a0fdca184?s=96&d=mm&r=g\",\"url\":\"https:\\\/\\\/secure.gravatar.com\\\/avatar\\\/b0f7615fa26a9d000d3c0ac9050f182690e502270f630e7f459fe89a0fdca184?s=96&d=mm&r=g\",\"contentUrl\":\"https:\\\/\\\/secure.gravatar.com\\\/avatar\\\/b0f7615fa26a9d000d3c0ac9050f182690e502270f630e7f459fe89a0fdca184?s=96&d=mm&r=g\",\"caption\":\"Marie-Alix\"},\"url\":\"https:\\\/\\\/www.gseintegration.com\\\/fr\\\/author\\\/mariealixsendjak\\\/\"}]}<\/script>\n<!-- \/ Yoast SEO plugin. -->","yoast_head_json":{"title":"GSE IN-ROOF SYSTEM au salon Intersolar \u00e0 Munich","description":"Retrouver nous \u00e0 Munich lors du salon Intersolar pour d\u00e9couvrir ou red\u00e9couvrir la nouvelle version du GSE IN-ROOF SYSTEM","robots":{"index":"index","follow":"follow","max-snippet":"max-snippet:-1","max-image-preview":"max-image-preview:large","max-video-preview":"max-video-preview:-1"},"canonical":"https:\/\/www.gseintegration.com\/fr\/2022\/04\/27\/gse-in-roof-system-a-intersolar-munich\/","og_locale":"fr_FR","og_type":"article","og_title":"GSE IN-ROOF SYSTEM au salon Intersolar \u00e0 Munich","og_description":"Retrouver nous \u00e0 Munich lors du salon Intersolar pour d\u00e9couvrir ou red\u00e9couvrir la nouvelle version du GSE IN-ROOF SYSTEM","og_url":"https:\/\/www.gseintegration.com\/fr\/2022\/04\/27\/gse-in-roof-system-a-intersolar-munich\/","og_site_name":"GSE Int\u00e9gration","article_published_time":"2022-04-27T13:51:36+00:00","article_modified_time":"2022-05-03T14:31:14+00:00","og_image":[{"width":1518,"height":760,"url":"https:\/\/www.gseintegration.com\/wp-content\/uploads\/2022\/04\/INtersolar-Copie.png","type":"image\/png"}],"author":"Marie-Alix","twitter_card":"summary_large_image","twitter_misc":{"\u00c9crit par":"Marie-Alix","Dur\u00e9e de lecture estim\u00e9e":"2 minutes"},"schema":{"@context":"https:\/\/schema.org","@graph":[{"@type":"Article","@id":"https:\/\/www.gseintegration.com\/fr\/2022\/04\/27\/gse-in-roof-system-a-intersolar-munich\/#article","isPartOf":{"@id":"https:\/\/www.gseintegration.com\/fr\/2022\/04\/27\/gse-in-roof-system-a-intersolar-munich\/"},"author":{"name":"Marie-Alix","@id":"https:\/\/www.gseintegration.com\/en\/#\/schema\/person\/835ff8ec48a063e22440cd641b4f26d8"},"headline":"GSE IN-ROOF SYSTEM au salon Intersolar \u00e0 Munich","datePublished":"2022-04-27T13:51:36+00:00","dateModified":"2022-05-03T14:31:14+00:00","mainEntityOfPage":{"@id":"https:\/\/www.gseintegration.com\/fr\/2022\/04\/27\/gse-in-roof-system-a-intersolar-munich\/"},"wordCount":231,"publisher":{"@id":"https:\/\/www.gseintegration.com\/en\/#organization"},"image":{"@id":"https:\/\/www.gseintegration.com\/fr\/2022\/04\/27\/gse-in-roof-system-a-intersolar-munich\/#primaryimage"},"thumbnailUrl":"https:\/\/www.gseintegration.com\/wp-content\/uploads\/2022\/04\/INtersolar-Copie.png","articleSection":["GSE Int\u00e9gration"],"inLanguage":"fr-FR"},{"@type":"WebPage","@id":"https:\/\/www.gseintegration.com\/fr\/2022\/04\/27\/gse-in-roof-system-a-intersolar-munich\/","url":"https:\/\/www.gseintegration.com\/fr\/2022\/04\/27\/gse-in-roof-system-a-intersolar-munich\/","name":"GSE IN-ROOF SYSTEM au salon Intersolar \u00e0 Munich","isPartOf":{"@id":"https:\/\/www.gseintegration.com\/en\/#website"},"primaryImageOfPage":{"@id":"https:\/\/www.gseintegration.com\/fr\/2022\/04\/27\/gse-in-roof-system-a-intersolar-munich\/#primaryimage"},"image":{"@id":"https:\/\/www.gseintegration.com\/fr\/2022\/04\/27\/gse-in-roof-system-a-intersolar-munich\/#primaryimage"},"thumbnailUrl":"https:\/\/www.gseintegration.com\/wp-content\/uploads\/2022\/04\/INtersolar-Copie.png","datePublished":"2022-04-27T13:51:36+00:00","dateModified":"2022-05-03T14:31:14+00:00","description":"Retrouver nous \u00e0 Munich lors du salon Intersolar pour d\u00e9couvrir ou red\u00e9couvrir la nouvelle version du GSE IN-ROOF SYSTEM","breadcrumb":{"@id":"https:\/\/www.gseintegration.com\/fr\/2022\/04\/27\/gse-in-roof-system-a-intersolar-munich\/#breadcrumb"},"inLanguage":"fr-FR","potentialAction":[{"@type":"ReadAction","target":["https:\/\/www.gseintegration.com\/fr\/2022\/04\/27\/gse-in-roof-system-a-intersolar-munich\/"]}]},{"@type":"ImageObject","inLanguage":"fr-FR","@id":"https:\/\/www.gseintegration.com\/fr\/2022\/04\/27\/gse-in-roof-system-a-intersolar-munich\/#primaryimage","url":"https:\/\/www.gseintegration.com\/wp-content\/uploads\/2022\/04\/INtersolar-Copie.png","contentUrl":"https:\/\/www.gseintegration.com\/wp-content\/uploads\/2022\/04\/INtersolar-Copie.png","width":1518,"height":760},{"@type":"BreadcrumbList","@id":"https:\/\/www.gseintegration.com\/fr\/2022\/04\/27\/gse-in-roof-system-a-intersolar-munich\/#breadcrumb","itemListElement":[{"@type":"ListItem","position":1,"name":"Accueil","item":"https:\/\/www.gseintegration.com\/fr\/"},{"@type":"ListItem","position":2,"name":"GSE IN-ROOF SYSTEM au salon Intersolar \u00e0 Munich"}]},{"@type":"WebSite","@id":"https:\/\/www.gseintegration.com\/en\/#website","url":"https:\/\/www.gseintegration.com\/en\/","name":"GSE Int\u00e9gration","description":"Leader europ\u00e9en de syst\u00e8mes de montage en int\u00e9gration en toiture de panneaux solaires photovolta\u00efques","publisher":{"@id":"https:\/\/www.gseintegration.com\/en\/#organization"},"potentialAction":[{"@type":"SearchAction","target":{"@type":"EntryPoint","urlTemplate":"https:\/\/www.gseintegration.com\/en\/?s={search_term_string}"},"query-input":{"@type":"PropertyValueSpecification","valueRequired":true,"valueName":"search_term_string"}}],"inLanguage":"fr-FR"},{"@type":"Organization","@id":"https:\/\/www.gseintegration.com\/en\/#organization","name":"GSE Int\u00e9gration","url":"https:\/\/www.gseintegration.com\/en\/","logo":{"@type":"ImageObject","inLanguage":"fr-FR","@id":"https:\/\/www.gseintegration.com\/en\/#\/schema\/logo\/image\/","url":"https:\/\/www.gseintegration.com\/wp-content\/uploads\/2021\/04\/GSE-INTEGRATION-1.png","contentUrl":"https:\/\/www.gseintegration.com\/wp-content\/uploads\/2021\/04\/GSE-INTEGRATION-1.png","width":284,"height":80,"caption":"GSE Int\u00e9gration"},"image":{"@id":"https:\/\/www.gseintegration.com\/en\/#\/schema\/logo\/image\/"}},{"@type":"Person","@id":"https:\/\/www.gseintegration.com\/en\/#\/schema\/person\/835ff8ec48a063e22440cd641b4f26d8","name":"Marie-Alix","image":{"@type":"ImageObject","inLanguage":"fr-FR","@id":"https:\/\/secure.gravatar.com\/avatar\/b0f7615fa26a9d000d3c0ac9050f182690e502270f630e7f459fe89a0fdca184?s=96&d=mm&r=g","url":"https:\/\/secure.gravatar.com\/avatar\/b0f7615fa26a9d000d3c0ac9050f182690e502270f630e7f459fe89a0fdca184?s=96&d=mm&r=g","contentUrl":"https:\/\/secure.gravatar.com\/avatar\/b0f7615fa26a9d000d3c0ac9050f182690e502270f630e7f459fe89a0fdca184?s=96&d=mm&r=g","caption":"Marie-Alix"},"url":"https:\/\/www.gseintegration.com\/fr\/author\/mariealixsendjak\/"}]}},"_links":{"self":[{"href":"https:\/\/www.gseintegration.com\/fr\/wp-json\/wp\/v2\/posts\/44741","targetHints":{"allow":["GET"]}}],"collection":[{"href":"https:\/\/www.gseintegration.com\/fr\/wp-json\/wp\/v2\/posts"}],"about":[{"href":"https:\/\/www.gseintegration.com\/fr\/wp-json\/wp\/v2\/types\/post"}],"author":[{"embeddable":true,"href":"https:\/\/www.gseintegration.com\/fr\/wp-json\/wp\/v2\/users\/4"}],"replies":[{"embeddable":true,"href":"https:\/\/www.gseintegration.com\/fr\/wp-json\/wp\/v2\/comments?post=44741"}],"version-history":[{"count":19,"href":"https:\/\/www.gseintegration.com\/fr\/wp-json\/wp\/v2\/posts\/44741\/revisions"}],"predecessor-version":[{"id":44908,"href":"https:\/\/www.gseintegration.com\/fr\/wp-json\/wp\/v2\/posts\/44741\/revisions\/44908"}],"wp:featuredmedia":[{"embeddable":true,"href":"https:\/\/www.gseintegration.com\/fr\/wp-json\/wp\/v2\/media\/44751"}],"wp:attachment":[{"href":"https:\/\/www.gseintegration.com\/fr\/wp-json\/wp\/v2\/media?parent=44741"}],"wp:term":[{"taxonomy":"category","embeddable":true,"href":"https:\/\/www.gseintegration.com\/fr\/wp-json\/wp\/v2\/categories?post=44741"},{"taxonomy":"post_tag","embeddable":true,"href":"https:\/\/www.gseintegration.com\/fr\/wp-json\/wp\/v2\/tags?post=44741"}],"curies":[{"name":"wp","href":"https:\/\/api.w.org\/{rel}","templated":true}]}}